{"id":1192,"date":"2015-12-01T09:26:16","date_gmt":"2015-12-01T08:26:16","guid":{"rendered":"http:\/\/cohoca.com\/?p=1192"},"modified":"2015-12-01T11:20:27","modified_gmt":"2015-12-01T10:20:27","slug":"aviso-regulacion-de-la-floracion-en-variedades-precoces-primavera-2016","status":"publish","type":"post","link":"https:\/\/cohoca.com\/en\/aviso-regulacion-de-la-floracion-en-variedades-precoces-primavera-2016\/","title":{"rendered":"Aviso regulaci\u00f3n de la floraci\u00f3n en variedades precoces primavera 2016"},"content":{"rendered":"<p><span style=\"font-size: medium;\">Dadas las particulares condiciones de esta primavera y su efecto sobre el cuajado en la variedad Clemensoon (y en otras precoces), buena parte de las plantaciones\u00a0o injertadas de esta variedad han tenido una producci\u00f3n m\u00e1s bien baja.<\/span><\/p>\n<p>Por tanto, y conociendo este tipo de variedades, es previsible un exceso de floraci\u00f3n en la pr\u00f3xima primavera, que despu\u00e9s suele ir seguida de un buen cuajado, con lo que se requiere de un fuerte aclareo para que la fruta alcance un calibre comercial.<\/p>\n<p>El tratamiento que conviene realizar viene detallado en el <a title=\"Regulaci\u00f3n floraci\u00f3n en variedades precoces primavera 2016\" href=\"http:\/\/cohoca.com\/wp-content\/uploads\/20151201_AVISO_A_SOCIOS_REGULACION_FLORACION.pdf\" target=\"_blank\">PDF<\/a>.<\/p>\n","protected":false},"excerpt":{"rendered":"<p>Dadas las particulares condiciones de esta primavera y su efecto sobre el cuajado en la variedad Clemensoon (y en otras precoces), buena parte de las plantaciones\u00a0o injertadas de esta variedad han tenido una producci\u00f3n m\u00e1s [&hellip;]<\/p>\n","protected":false},"author":4,"featured_media":0,"comment_status":"closed","ping_status":"closed","sticky":false,"template":"","format":"standard","meta":{"_acf_changed":false,"footnotes":""},"categories":[1],"tags":[],"acf":[],"yoast_head":"<!-- This site is optimized with the Yoast SEO plugin v23.8 - https:\/\/yoast.com\/wordpress\/plugins\/seo\/ -->\n<title>Aviso regulaci\u00f3n de la floraci\u00f3n en variedades precoces primavera 2016 - Cohoca<\/title>\n<meta name=\"description\" content=\"Aviso regulaci\u00f3n de la floraci\u00f3n en variedades precoces primavera 2016\" \/>\n<meta name=\"robots\" content=\"index, follow, max-snippet:-1, max-image-preview:large, max-video-preview:-1\" \/>\n<meta property=\"og:locale\" content=\"en_US\" \/>\n<meta property=\"og:type\" content=\"article\" \/>\n<meta property=\"og:title\" content=\"Aviso regulaci\u00f3n de la floraci\u00f3n en variedades precoces primavera 2016 - Cohoca\" \/>\n<meta property=\"og:description\" content=\"Aviso regulaci\u00f3n de la floraci\u00f3n en variedades precoces primavera 2016\" \/>\n<meta property=\"og:url\" content=\"https:\/\/cohoca.com\/aviso-regulacion-de-la-floracion-en-variedades-precoces-primavera-2016\/\" \/>\n<meta property=\"og:site_name\" content=\"Cohoca\" \/>\n<meta property=\"article:published_time\" content=\"2015-12-01T08:26:16+00:00\" \/>\n<meta property=\"article:modified_time\" content=\"2015-12-01T10:20:27+00:00\" \/>\n<meta name=\"author\" content=\"Alfredo Momp\u00f3\" \/>\n<meta name=\"twitter:label1\" content=\"Written by\" \/>\n\t<meta name=\"twitter:data1\" content=\"Alfredo Momp\u00f3\" \/>\n<script type=\"application\/ld+json\" class=\"yoast-schema-graph\">{\"@context\":\"https:\/\/schema.org\",\"@graph\":[{\"@type\":\"WebPage\",\"@id\":\"https:\/\/cohoca.com\/aviso-regulacion-de-la-floracion-en-variedades-precoces-primavera-2016\/\",\"url\":\"https:\/\/cohoca.com\/aviso-regulacion-de-la-floracion-en-variedades-precoces-primavera-2016\/\",\"name\":\"Aviso regulaci\u00f3n de la floraci\u00f3n en variedades precoces primavera 2016 - Cohoca\",\"isPartOf\":{\"@id\":\"https:\/\/cohoca.com\/#website\"},\"datePublished\":\"2015-12-01T08:26:16+00:00\",\"dateModified\":\"2015-12-01T10:20:27+00:00\",\"author\":{\"@id\":\"https:\/\/cohoca.com\/#\/schema\/person\/3dbd21d26936eea435eb517e2af52367\"},\"description\":\"Aviso regulaci\u00f3n de la floraci\u00f3n en variedades precoces primavera 2016\",\"breadcrumb\":{\"@id\":\"https:\/\/cohoca.com\/aviso-regulacion-de-la-floracion-en-variedades-precoces-primavera-2016\/#breadcrumb\"},\"inLanguage\":\"en-US\",\"potentialAction\":[{\"@type\":\"ReadAction\",\"target\":[\"https:\/\/cohoca.com\/aviso-regulacion-de-la-floracion-en-variedades-precoces-primavera-2016\/\"]}]},{\"@type\":\"BreadcrumbList\",\"@id\":\"https:\/\/cohoca.com\/aviso-regulacion-de-la-floracion-en-variedades-precoces-primavera-2016\/#breadcrumb\",\"itemListElement\":[{\"@type\":\"ListItem\",\"position\":1,\"name\":\"Portada\",\"item\":\"https:\/\/cohoca.com\/\"},{\"@type\":\"ListItem\",\"position\":2,\"name\":\"Aviso regulaci\u00f3n de la floraci\u00f3n en variedades precoces primavera 2016\"}]},{\"@type\":\"WebSite\",\"@id\":\"https:\/\/cohoca.com\/#website\",\"url\":\"https:\/\/cohoca.com\/\",\"name\":\"Cohoca\",\"description\":\"Cooperativa de Benifai\u00f3\",\"potentialAction\":[{\"@type\":\"SearchAction\",\"target\":{\"@type\":\"EntryPoint\",\"urlTemplate\":\"https:\/\/cohoca.com\/?s={search_term_string}\"},\"query-input\":{\"@type\":\"PropertyValueSpecification\",\"valueRequired\":true,\"valueName\":\"search_term_string\"}}],\"inLanguage\":\"en-US\"},{\"@type\":\"Person\",\"@id\":\"https:\/\/cohoca.com\/#\/schema\/person\/3dbd21d26936eea435eb517e2af52367\",\"name\":\"Alfredo Momp\u00f3\",\"image\":{\"@type\":\"ImageObject\",\"inLanguage\":\"en-US\",\"@id\":\"https:\/\/cohoca.com\/#\/schema\/person\/image\/\",\"url\":\"https:\/\/secure.gravatar.com\/avatar\/7ab3ec6608181638408bf4a0c181c66e?s=96&d=mm&r=g\",\"contentUrl\":\"https:\/\/secure.gravatar.com\/avatar\/7ab3ec6608181638408bf4a0c181c66e?s=96&d=mm&r=g\",\"caption\":\"Alfredo Momp\u00f3\"},\"url\":\"https:\/\/cohoca.com\/en\/author\/alfredo\/\"}]}<\/script>\n<!-- \/ Yoast SEO plugin. -->","yoast_head_json":{"title":"Aviso regulaci\u00f3n de la floraci\u00f3n en variedades precoces primavera 2016 - Cohoca","description":"Aviso regulaci\u00f3n de la floraci\u00f3n en variedades precoces primavera 2016","robots":{"index":"index","follow":"follow","max-snippet":"max-snippet:-1","max-image-preview":"max-image-preview:large","max-video-preview":"max-video-preview:-1"},"og_locale":"en_US","og_type":"article","og_title":"Aviso regulaci\u00f3n de la floraci\u00f3n en variedades precoces primavera 2016 - Cohoca","og_description":"Aviso regulaci\u00f3n de la floraci\u00f3n en variedades precoces primavera 2016","og_url":"https:\/\/cohoca.com\/aviso-regulacion-de-la-floracion-en-variedades-precoces-primavera-2016\/","og_site_name":"Cohoca","article_published_time":"2015-12-01T08:26:16+00:00","article_modified_time":"2015-12-01T10:20:27+00:00","author":"Alfredo Momp\u00f3","twitter_misc":{"Written by":"Alfredo Momp\u00f3"},"schema":{"@context":"https:\/\/schema.org","@graph":[{"@type":"WebPage","@id":"https:\/\/cohoca.com\/aviso-regulacion-de-la-floracion-en-variedades-precoces-primavera-2016\/","url":"https:\/\/cohoca.com\/aviso-regulacion-de-la-floracion-en-variedades-precoces-primavera-2016\/","name":"Aviso regulaci\u00f3n de la floraci\u00f3n en variedades precoces primavera 2016 - Cohoca","isPartOf":{"@id":"https:\/\/cohoca.com\/#website"},"datePublished":"2015-12-01T08:26:16+00:00","dateModified":"2015-12-01T10:20:27+00:00","author":{"@id":"https:\/\/cohoca.com\/#\/schema\/person\/3dbd21d26936eea435eb517e2af52367"},"description":"Aviso regulaci\u00f3n de la floraci\u00f3n en variedades precoces primavera 2016","breadcrumb":{"@id":"https:\/\/cohoca.com\/aviso-regulacion-de-la-floracion-en-variedades-precoces-primavera-2016\/#breadcrumb"},"inLanguage":"en-US","potentialAction":[{"@type":"ReadAction","target":["https:\/\/cohoca.com\/aviso-regulacion-de-la-floracion-en-variedades-precoces-primavera-2016\/"]}]},{"@type":"BreadcrumbList","@id":"https:\/\/cohoca.com\/aviso-regulacion-de-la-floracion-en-variedades-precoces-primavera-2016\/#breadcrumb","itemListElement":[{"@type":"ListItem","position":1,"name":"Portada","item":"https:\/\/cohoca.com\/"},{"@type":"ListItem","position":2,"name":"Aviso regulaci\u00f3n de la floraci\u00f3n en variedades precoces primavera 2016"}]},{"@type":"WebSite","@id":"https:\/\/cohoca.com\/#website","url":"https:\/\/cohoca.com\/","name":"Cohoca","description":"Cooperativa de Benifai\u00f3","potentialAction":[{"@type":"SearchAction","target":{"@type":"EntryPoint","urlTemplate":"https:\/\/cohoca.com\/?s={search_term_string}"},"query-input":{"@type":"PropertyValueSpecification","valueRequired":true,"valueName":"search_term_string"}}],"inLanguage":"en-US"},{"@type":"Person","@id":"https:\/\/cohoca.com\/#\/schema\/person\/3dbd21d26936eea435eb517e2af52367","name":"Alfredo Momp\u00f3","image":{"@type":"ImageObject","inLanguage":"en-US","@id":"https:\/\/cohoca.com\/#\/schema\/person\/image\/","url":"https:\/\/secure.gravatar.com\/avatar\/7ab3ec6608181638408bf4a0c181c66e?s=96&d=mm&r=g","contentUrl":"https:\/\/secure.gravatar.com\/avatar\/7ab3ec6608181638408bf4a0c181c66e?s=96&d=mm&r=g","caption":"Alfredo Momp\u00f3"},"url":"https:\/\/cohoca.com\/en\/author\/alfredo\/"}]}},"_links":{"self":[{"href":"https:\/\/cohoca.com\/en\/wp-json\/wp\/v2\/posts\/1192"}],"collection":[{"href":"https:\/\/cohoca.com\/en\/wp-json\/wp\/v2\/posts"}],"about":[{"href":"https:\/\/cohoca.com\/en\/wp-json\/wp\/v2\/types\/post"}],"author":[{"embeddable":true,"href":"https:\/\/cohoca.com\/en\/wp-json\/wp\/v2\/users\/4"}],"replies":[{"embeddable":true,"href":"https:\/\/cohoca.com\/en\/wp-json\/wp\/v2\/comments?post=1192"}],"version-history":[{"count":6,"href":"https:\/\/cohoca.com\/en\/wp-json\/wp\/v2\/posts\/1192\/revisions"}],"predecessor-version":[{"id":1198,"href":"https:\/\/cohoca.com\/en\/wp-json\/wp\/v2\/posts\/1192\/revisions\/1198"}],"wp:attachment":[{"href":"https:\/\/cohoca.com\/en\/wp-json\/wp\/v2\/media?parent=1192"}],"wp:term":[{"taxonomy":"category","embeddable":true,"href":"https:\/\/cohoca.com\/en\/wp-json\/wp\/v2\/categories?post=1192"},{"taxonomy":"post_tag","embeddable":true,"href":"https:\/\/cohoca.com\/en\/wp-json\/wp\/v2\/tags?post=1192"}],"curies":[{"name":"wp","href":"https:\/\/api.w.org\/{rel}","templated":true}]}}