{"id":1369,"date":"2017-09-05T11:04:58","date_gmt":"2017-09-05T10:04:58","guid":{"rendered":"http:\/\/cohoca.com\/?p=1369"},"modified":"2017-09-05T11:30:31","modified_gmt":"2017-09-05T10:30:31","slug":"i-premio-ciudad-benifaio","status":"publish","type":"post","link":"https:\/\/cohoca.com\/en\/i-premio-ciudad-benifaio\/","title":{"rendered":"I Premio Ciudad de Benifai\u00f3"},"content":{"rendered":"<p>&nbsp;<\/p>\n<p>&nbsp;<\/p>\n<p>&nbsp;<\/p>\n<p>Cohoca ha sido galardonada en los &#8220;I Premis Ciutat de Benifai\u00f3 2016&#8221; que distinguen a personas f\u00edsicas o jur\u00eddicas, entidades o colectivos que por su trabajo y labor en actividades art\u00edsticas, culturales, deportivas, c\u00edvicas o profesionales hayan destacado de una forma p\u00fablica y notoria favoreciendo los intereses de Benifai\u00f3 y el progreso social cultural y econ\u00f3mico en general.<\/p>\n<p>El premio le fue entregado a Cohoca en la festividad del 9 d&#8217;octubre de 2016.<\/p>\n<p>&nbsp;<\/p>\n","protected":false},"excerpt":{"rendered":"<p>&nbsp; &nbsp; &nbsp; Cohoca ha sido galardonada en los &#8220;I Premis Ciutat de Benifai\u00f3 2016&#8221; que distinguen a personas f\u00edsicas o jur\u00eddicas, entidades o colectivos que por su trabajo y labor en actividades art\u00edsticas, culturales, [&hellip;]<\/p>\n","protected":false},"author":4,"featured_media":0,"comment_status":"closed","ping_status":"closed","sticky":false,"template":"","format":"standard","meta":{"_acf_changed":false,"footnotes":""},"categories":[20],"tags":[],"acf":[],"yoast_head":"<!-- This site is optimized with the Yoast SEO plugin v23.8 - https:\/\/yoast.com\/wordpress\/plugins\/seo\/ -->\n<title>I Premio Ciudad de Benifai\u00f3 - Cohoca<\/title>\n<meta name=\"robots\" content=\"index, follow, max-snippet:-1, max-image-preview:large, max-video-preview:-1\" \/>\n<meta property=\"og:locale\" content=\"en_US\" \/>\n<meta property=\"og:type\" content=\"article\" \/>\n<meta property=\"og:title\" content=\"I Premio Ciudad de Benifai\u00f3 - Cohoca\" \/>\n<meta property=\"og:description\" content=\"&nbsp; &nbsp; &nbsp; Cohoca ha sido galardonada en los &#8220;I Premis Ciutat de Benifai\u00f3 2016&#8221; que distinguen a personas f\u00edsicas o jur\u00eddicas, entidades o colectivos que por su trabajo y labor en actividades art\u00edsticas, culturales, [&hellip;]\" \/>\n<meta property=\"og:url\" content=\"https:\/\/cohoca.com\/i-premio-ciudad-benifaio\/\" \/>\n<meta property=\"og:site_name\" content=\"Cohoca\" \/>\n<meta property=\"article:published_time\" content=\"2017-09-05T10:04:58+00:00\" \/>\n<meta property=\"article:modified_time\" content=\"2017-09-05T10:30:31+00:00\" \/>\n<meta name=\"author\" content=\"Alfredo Momp\u00f3\" \/>\n<meta name=\"twitter:label1\" content=\"Written by\" \/>\n\t<meta name=\"twitter:data1\" content=\"Alfredo Momp\u00f3\" \/>\n<script type=\"application\/ld+json\" class=\"yoast-schema-graph\">{\"@context\":\"https:\/\/schema.org\",\"@graph\":[{\"@type\":\"WebPage\",\"@id\":\"https:\/\/cohoca.com\/i-premio-ciudad-benifaio\/\",\"url\":\"https:\/\/cohoca.com\/i-premio-ciudad-benifaio\/\",\"name\":\"I Premio Ciudad de Benifai\u00f3 - Cohoca\",\"isPartOf\":{\"@id\":\"https:\/\/cohoca.com\/#website\"},\"datePublished\":\"2017-09-05T10:04:58+00:00\",\"dateModified\":\"2017-09-05T10:30:31+00:00\",\"author\":{\"@id\":\"https:\/\/cohoca.com\/#\/schema\/person\/3dbd21d26936eea435eb517e2af52367\"},\"breadcrumb\":{\"@id\":\"https:\/\/cohoca.com\/i-premio-ciudad-benifaio\/#breadcrumb\"},\"inLanguage\":\"en-US\",\"potentialAction\":[{\"@type\":\"ReadAction\",\"target\":[\"https:\/\/cohoca.com\/i-premio-ciudad-benifaio\/\"]}]},{\"@type\":\"BreadcrumbList\",\"@id\":\"https:\/\/cohoca.com\/i-premio-ciudad-benifaio\/#breadcrumb\",\"itemListElement\":[{\"@type\":\"ListItem\",\"position\":1,\"name\":\"Portada\",\"item\":\"https:\/\/cohoca.com\/\"},{\"@type\":\"ListItem\",\"position\":2,\"name\":\"I Premio Ciudad de Benifai\u00f3\"}]},{\"@type\":\"WebSite\",\"@id\":\"https:\/\/cohoca.com\/#website\",\"url\":\"https:\/\/cohoca.com\/\",\"name\":\"Cohoca\",\"description\":\"Cooperativa de Benifai\u00f3\",\"potentialAction\":[{\"@type\":\"SearchAction\",\"target\":{\"@type\":\"EntryPoint\",\"urlTemplate\":\"https:\/\/cohoca.com\/?s={search_term_string}\"},\"query-input\":{\"@type\":\"PropertyValueSpecification\",\"valueRequired\":true,\"valueName\":\"search_term_string\"}}],\"inLanguage\":\"en-US\"},{\"@type\":\"Person\",\"@id\":\"https:\/\/cohoca.com\/#\/schema\/person\/3dbd21d26936eea435eb517e2af52367\",\"name\":\"Alfredo Momp\u00f3\",\"image\":{\"@type\":\"ImageObject\",\"inLanguage\":\"en-US\",\"@id\":\"https:\/\/cohoca.com\/#\/schema\/person\/image\/\",\"url\":\"https:\/\/secure.gravatar.com\/avatar\/7ab3ec6608181638408bf4a0c181c66e?s=96&d=mm&r=g\",\"contentUrl\":\"https:\/\/secure.gravatar.com\/avatar\/7ab3ec6608181638408bf4a0c181c66e?s=96&d=mm&r=g\",\"caption\":\"Alfredo Momp\u00f3\"},\"url\":\"https:\/\/cohoca.com\/en\/author\/alfredo\/\"}]}<\/script>\n<!-- \/ Yoast SEO plugin. -->","yoast_head_json":{"title":"I Premio Ciudad de Benifai\u00f3 - Cohoca","robots":{"index":"index","follow":"follow","max-snippet":"max-snippet:-1","max-image-preview":"max-image-preview:large","max-video-preview":"max-video-preview:-1"},"og_locale":"en_US","og_type":"article","og_title":"I Premio Ciudad de Benifai\u00f3 - Cohoca","og_description":"&nbsp; &nbsp; &nbsp; Cohoca ha sido galardonada en los &#8220;I Premis Ciutat de Benifai\u00f3 2016&#8221; que distinguen a personas f\u00edsicas o jur\u00eddicas, entidades o colectivos que por su trabajo y labor en actividades art\u00edsticas, culturales, [&hellip;]","og_url":"https:\/\/cohoca.com\/i-premio-ciudad-benifaio\/","og_site_name":"Cohoca","article_published_time":"2017-09-05T10:04:58+00:00","article_modified_time":"2017-09-05T10:30:31+00:00","author":"Alfredo Momp\u00f3","twitter_misc":{"Written by":"Alfredo Momp\u00f3"},"schema":{"@context":"https:\/\/schema.org","@graph":[{"@type":"WebPage","@id":"https:\/\/cohoca.com\/i-premio-ciudad-benifaio\/","url":"https:\/\/cohoca.com\/i-premio-ciudad-benifaio\/","name":"I Premio Ciudad de Benifai\u00f3 - Cohoca","isPartOf":{"@id":"https:\/\/cohoca.com\/#website"},"datePublished":"2017-09-05T10:04:58+00:00","dateModified":"2017-09-05T10:30:31+00:00","author":{"@id":"https:\/\/cohoca.com\/#\/schema\/person\/3dbd21d26936eea435eb517e2af52367"},"breadcrumb":{"@id":"https:\/\/cohoca.com\/i-premio-ciudad-benifaio\/#breadcrumb"},"inLanguage":"en-US","potentialAction":[{"@type":"ReadAction","target":["https:\/\/cohoca.com\/i-premio-ciudad-benifaio\/"]}]},{"@type":"BreadcrumbList","@id":"https:\/\/cohoca.com\/i-premio-ciudad-benifaio\/#breadcrumb","itemListElement":[{"@type":"ListItem","position":1,"name":"Portada","item":"https:\/\/cohoca.com\/"},{"@type":"ListItem","position":2,"name":"I Premio Ciudad de Benifai\u00f3"}]},{"@type":"WebSite","@id":"https:\/\/cohoca.com\/#website","url":"https:\/\/cohoca.com\/","name":"Cohoca","description":"Cooperativa de Benifai\u00f3","potentialAction":[{"@type":"SearchAction","target":{"@type":"EntryPoint","urlTemplate":"https:\/\/cohoca.com\/?s={search_term_string}"},"query-input":{"@type":"PropertyValueSpecification","valueRequired":true,"valueName":"search_term_string"}}],"inLanguage":"en-US"},{"@type":"Person","@id":"https:\/\/cohoca.com\/#\/schema\/person\/3dbd21d26936eea435eb517e2af52367","name":"Alfredo Momp\u00f3","image":{"@type":"ImageObject","inLanguage":"en-US","@id":"https:\/\/cohoca.com\/#\/schema\/person\/image\/","url":"https:\/\/secure.gravatar.com\/avatar\/7ab3ec6608181638408bf4a0c181c66e?s=96&d=mm&r=g","contentUrl":"https:\/\/secure.gravatar.com\/avatar\/7ab3ec6608181638408bf4a0c181c66e?s=96&d=mm&r=g","caption":"Alfredo Momp\u00f3"},"url":"https:\/\/cohoca.com\/en\/author\/alfredo\/"}]}},"_links":{"self":[{"href":"https:\/\/cohoca.com\/en\/wp-json\/wp\/v2\/posts\/1369"}],"collection":[{"href":"https:\/\/cohoca.com\/en\/wp-json\/wp\/v2\/posts"}],"about":[{"href":"https:\/\/cohoca.com\/en\/wp-json\/wp\/v2\/types\/post"}],"author":[{"embeddable":true,"href":"https:\/\/cohoca.com\/en\/wp-json\/wp\/v2\/users\/4"}],"replies":[{"embeddable":true,"href":"https:\/\/cohoca.com\/en\/wp-json\/wp\/v2\/comments?post=1369"}],"version-history":[{"count":5,"href":"https:\/\/cohoca.com\/en\/wp-json\/wp\/v2\/posts\/1369\/revisions"}],"predecessor-version":[{"id":1376,"href":"https:\/\/cohoca.com\/en\/wp-json\/wp\/v2\/posts\/1369\/revisions\/1376"}],"wp:attachment":[{"href":"https:\/\/cohoca.com\/en\/wp-json\/wp\/v2\/media?parent=1369"}],"wp:term":[{"taxonomy":"category","embeddable":true,"href":"https:\/\/cohoca.com\/en\/wp-json\/wp\/v2\/categories?post=1369"},{"taxonomy":"post_tag","embeddable":true,"href":"https:\/\/cohoca.com\/en\/wp-json\/wp\/v2\/tags?post=1369"}],"curies":[{"name":"wp","href":"https:\/\/api.w.org\/{rel}","templated":true}]}}