{"id":1387,"date":"2018-01-29T16:19:47","date_gmt":"2018-01-29T15:19:47","guid":{"rendered":"http:\/\/cohoca.com\/?p=1387"},"modified":"2018-01-29T16:19:47","modified_gmt":"2018-01-29T15:19:47","slug":"informe-modificacion-estatutos-sociales-febrero-2018","status":"publish","type":"post","link":"https:\/\/cohoca.com\/en\/informe-modificacion-estatutos-sociales-febrero-2018\/","title":{"rendered":"Informe sobre modificaci\u00f3n estatutos sociales febrero 2018"},"content":{"rendered":"<p>El art\u00edculo 34.5 del Decreto Legislativo 2\/2015, de 15 de mayo, por el que se aprueba el texto refundido de la Ley de Cooperativas de la Comunitat Valenciana exige que cuando en la convocatoria se anuncie una modificaci\u00f3n estatutaria se debe indicar que est\u00e1 a disposici\u00f3n de los socios el nuevo texto de los estatutos, as\u00ed como un informe justificativo de la modificaci\u00f3n.<\/p>\n<p>&nbsp;<\/p>\n<p>En cumplimiento de este imperativo legal, el Consejo Rector, promotor de la modificaci\u00f3n estatutaria, elabora este informe justificativo de la misma, con los objetivos que en el siguiente pdf se detallan:<\/p>\n","protected":false},"excerpt":{"rendered":"<p>El art\u00edculo 34.5 del Decreto Legislativo 2\/2015, de 15 de mayo, por el que se aprueba el texto refundido de la Ley de Cooperativas de la Comunitat Valenciana exige que cuando en la convocatoria se [&hellip;]<\/p>\n","protected":false},"author":4,"featured_media":0,"comment_status":"closed","ping_status":"closed","sticky":false,"template":"","format":"standard","meta":{"_acf_changed":false,"footnotes":""},"categories":[1],"tags":[],"acf":[],"yoast_head":"<!-- This site is optimized with the Yoast SEO plugin v23.8 - https:\/\/yoast.com\/wordpress\/plugins\/seo\/ -->\n<title>Informe sobre modificaci\u00f3n estatutos sociales febrero 2018 - Cohoca<\/title>\n<meta name=\"robots\" content=\"index, follow, max-snippet:-1, max-image-preview:large, max-video-preview:-1\" \/>\n<meta property=\"og:locale\" content=\"en_US\" \/>\n<meta property=\"og:type\" content=\"article\" \/>\n<meta property=\"og:title\" content=\"Informe sobre modificaci\u00f3n estatutos sociales febrero 2018 - Cohoca\" \/>\n<meta property=\"og:description\" content=\"El art\u00edculo 34.5 del Decreto Legislativo 2\/2015, de 15 de mayo, por el que se aprueba el texto refundido de la Ley de Cooperativas de la Comunitat Valenciana exige que cuando en la convocatoria se [&hellip;]\" \/>\n<meta property=\"og:url\" content=\"https:\/\/cohoca.com\/informe-modificacion-estatutos-sociales-febrero-2018\/\" \/>\n<meta property=\"og:site_name\" content=\"Cohoca\" \/>\n<meta property=\"article:published_time\" content=\"2018-01-29T15:19:47+00:00\" \/>\n<meta name=\"author\" content=\"Alfredo Momp\u00f3\" \/>\n<meta name=\"twitter:label1\" content=\"Written by\" \/>\n\t<meta name=\"twitter:data1\" content=\"Alfredo Momp\u00f3\" \/>\n<script type=\"application\/ld+json\" class=\"yoast-schema-graph\">{\"@context\":\"https:\/\/schema.org\",\"@graph\":[{\"@type\":\"WebPage\",\"@id\":\"https:\/\/cohoca.com\/informe-modificacion-estatutos-sociales-febrero-2018\/\",\"url\":\"https:\/\/cohoca.com\/informe-modificacion-estatutos-sociales-febrero-2018\/\",\"name\":\"Informe sobre modificaci\u00f3n estatutos sociales febrero 2018 - Cohoca\",\"isPartOf\":{\"@id\":\"https:\/\/cohoca.com\/#website\"},\"datePublished\":\"2018-01-29T15:19:47+00:00\",\"dateModified\":\"2018-01-29T15:19:47+00:00\",\"author\":{\"@id\":\"https:\/\/cohoca.com\/#\/schema\/person\/3dbd21d26936eea435eb517e2af52367\"},\"breadcrumb\":{\"@id\":\"https:\/\/cohoca.com\/informe-modificacion-estatutos-sociales-febrero-2018\/#breadcrumb\"},\"inLanguage\":\"en-US\",\"potentialAction\":[{\"@type\":\"ReadAction\",\"target\":[\"https:\/\/cohoca.com\/informe-modificacion-estatutos-sociales-febrero-2018\/\"]}]},{\"@type\":\"BreadcrumbList\",\"@id\":\"https:\/\/cohoca.com\/informe-modificacion-estatutos-sociales-febrero-2018\/#breadcrumb\",\"itemListElement\":[{\"@type\":\"ListItem\",\"position\":1,\"name\":\"Portada\",\"item\":\"https:\/\/cohoca.com\/\"},{\"@type\":\"ListItem\",\"position\":2,\"name\":\"Informe sobre modificaci\u00f3n estatutos sociales febrero 2018\"}]},{\"@type\":\"WebSite\",\"@id\":\"https:\/\/cohoca.com\/#website\",\"url\":\"https:\/\/cohoca.com\/\",\"name\":\"Cohoca\",\"description\":\"Cooperativa de Benifai\u00f3\",\"potentialAction\":[{\"@type\":\"SearchAction\",\"target\":{\"@type\":\"EntryPoint\",\"urlTemplate\":\"https:\/\/cohoca.com\/?s={search_term_string}\"},\"query-input\":{\"@type\":\"PropertyValueSpecification\",\"valueRequired\":true,\"valueName\":\"search_term_string\"}}],\"inLanguage\":\"en-US\"},{\"@type\":\"Person\",\"@id\":\"https:\/\/cohoca.com\/#\/schema\/person\/3dbd21d26936eea435eb517e2af52367\",\"name\":\"Alfredo Momp\u00f3\",\"image\":{\"@type\":\"ImageObject\",\"inLanguage\":\"en-US\",\"@id\":\"https:\/\/cohoca.com\/#\/schema\/person\/image\/\",\"url\":\"https:\/\/secure.gravatar.com\/avatar\/7ab3ec6608181638408bf4a0c181c66e?s=96&d=mm&r=g\",\"contentUrl\":\"https:\/\/secure.gravatar.com\/avatar\/7ab3ec6608181638408bf4a0c181c66e?s=96&d=mm&r=g\",\"caption\":\"Alfredo Momp\u00f3\"},\"url\":\"https:\/\/cohoca.com\/en\/author\/alfredo\/\"}]}<\/script>\n<!-- \/ Yoast SEO plugin. -->","yoast_head_json":{"title":"Informe sobre modificaci\u00f3n estatutos sociales febrero 2018 - Cohoca","robots":{"index":"index","follow":"follow","max-snippet":"max-snippet:-1","max-image-preview":"max-image-preview:large","max-video-preview":"max-video-preview:-1"},"og_locale":"en_US","og_type":"article","og_title":"Informe sobre modificaci\u00f3n estatutos sociales febrero 2018 - Cohoca","og_description":"El art\u00edculo 34.5 del Decreto Legislativo 2\/2015, de 15 de mayo, por el que se aprueba el texto refundido de la Ley de Cooperativas de la Comunitat Valenciana exige que cuando en la convocatoria se [&hellip;]","og_url":"https:\/\/cohoca.com\/informe-modificacion-estatutos-sociales-febrero-2018\/","og_site_name":"Cohoca","article_published_time":"2018-01-29T15:19:47+00:00","author":"Alfredo Momp\u00f3","twitter_misc":{"Written by":"Alfredo Momp\u00f3"},"schema":{"@context":"https:\/\/schema.org","@graph":[{"@type":"WebPage","@id":"https:\/\/cohoca.com\/informe-modificacion-estatutos-sociales-febrero-2018\/","url":"https:\/\/cohoca.com\/informe-modificacion-estatutos-sociales-febrero-2018\/","name":"Informe sobre modificaci\u00f3n estatutos sociales febrero 2018 - Cohoca","isPartOf":{"@id":"https:\/\/cohoca.com\/#website"},"datePublished":"2018-01-29T15:19:47+00:00","dateModified":"2018-01-29T15:19:47+00:00","author":{"@id":"https:\/\/cohoca.com\/#\/schema\/person\/3dbd21d26936eea435eb517e2af52367"},"breadcrumb":{"@id":"https:\/\/cohoca.com\/informe-modificacion-estatutos-sociales-febrero-2018\/#breadcrumb"},"inLanguage":"en-US","potentialAction":[{"@type":"ReadAction","target":["https:\/\/cohoca.com\/informe-modificacion-estatutos-sociales-febrero-2018\/"]}]},{"@type":"BreadcrumbList","@id":"https:\/\/cohoca.com\/informe-modificacion-estatutos-sociales-febrero-2018\/#breadcrumb","itemListElement":[{"@type":"ListItem","position":1,"name":"Portada","item":"https:\/\/cohoca.com\/"},{"@type":"ListItem","position":2,"name":"Informe sobre modificaci\u00f3n estatutos sociales febrero 2018"}]},{"@type":"WebSite","@id":"https:\/\/cohoca.com\/#website","url":"https:\/\/cohoca.com\/","name":"Cohoca","description":"Cooperativa de Benifai\u00f3","potentialAction":[{"@type":"SearchAction","target":{"@type":"EntryPoint","urlTemplate":"https:\/\/cohoca.com\/?s={search_term_string}"},"query-input":{"@type":"PropertyValueSpecification","valueRequired":true,"valueName":"search_term_string"}}],"inLanguage":"en-US"},{"@type":"Person","@id":"https:\/\/cohoca.com\/#\/schema\/person\/3dbd21d26936eea435eb517e2af52367","name":"Alfredo Momp\u00f3","image":{"@type":"ImageObject","inLanguage":"en-US","@id":"https:\/\/cohoca.com\/#\/schema\/person\/image\/","url":"https:\/\/secure.gravatar.com\/avatar\/7ab3ec6608181638408bf4a0c181c66e?s=96&d=mm&r=g","contentUrl":"https:\/\/secure.gravatar.com\/avatar\/7ab3ec6608181638408bf4a0c181c66e?s=96&d=mm&r=g","caption":"Alfredo Momp\u00f3"},"url":"https:\/\/cohoca.com\/en\/author\/alfredo\/"}]}},"_links":{"self":[{"href":"https:\/\/cohoca.com\/en\/wp-json\/wp\/v2\/posts\/1387"}],"collection":[{"href":"https:\/\/cohoca.com\/en\/wp-json\/wp\/v2\/posts"}],"about":[{"href":"https:\/\/cohoca.com\/en\/wp-json\/wp\/v2\/types\/post"}],"author":[{"embeddable":true,"href":"https:\/\/cohoca.com\/en\/wp-json\/wp\/v2\/users\/4"}],"replies":[{"embeddable":true,"href":"https:\/\/cohoca.com\/en\/wp-json\/wp\/v2\/comments?post=1387"}],"version-history":[{"count":1,"href":"https:\/\/cohoca.com\/en\/wp-json\/wp\/v2\/posts\/1387\/revisions"}],"predecessor-version":[{"id":1388,"href":"https:\/\/cohoca.com\/en\/wp-json\/wp\/v2\/posts\/1387\/revisions\/1388"}],"wp:attachment":[{"href":"https:\/\/cohoca.com\/en\/wp-json\/wp\/v2\/media?parent=1387"}],"wp:term":[{"taxonomy":"category","embeddable":true,"href":"https:\/\/cohoca.com\/en\/wp-json\/wp\/v2\/categories?post=1387"},{"taxonomy":"post_tag","embeddable":true,"href":"https:\/\/cohoca.com\/en\/wp-json\/wp\/v2\/tags?post=1387"}],"curies":[{"name":"wp","href":"https:\/\/api.w.org\/{rel}","templated":true}]}}